{"id":334,"date":"2019-09-12T12:21:28","date_gmt":"2019-09-12T12:21:28","guid":{"rendered":"http:\/\/www.elektryczneuslugi.com\/Blog\/?p=334"},"modified":"2024-06-05T06:27:39","modified_gmt":"2024-06-05T06:27:39","slug":"re-energy-targi-energii-odnawialnej-elektryk-na-douczeniu","status":"publish","type":"post","link":"https:\/\/www.elektryczneuslugi.com\/Blog\/?p=334","title":{"rendered":"RE &#8211; energy &#8211; targi energii odnawialnej &#8211; elektryk na douczeniu"},"content":{"rendered":"\n<figure class=\"wp-block-image\"><img loading=\"lazy\" decoding=\"async\" width=\"1024\" height=\"545\" src=\"http:\/\/www.elektryczneuslugi.com\/Blog\/wp-content\/uploads\/2019\/09\/IMG_20190912_065642-1024x545.jpg\" alt=\"zaproszenie na targi\" class=\"wp-image-335\" srcset=\"https:\/\/www.elektryczneuslugi.com\/Blog\/wp-content\/uploads\/2019\/09\/IMG_20190912_065642-1024x545.jpg 1024w, https:\/\/www.elektryczneuslugi.com\/Blog\/wp-content\/uploads\/2019\/09\/IMG_20190912_065642-300x160.jpg 300w, https:\/\/www.elektryczneuslugi.com\/Blog\/wp-content\/uploads\/2019\/09\/IMG_20190912_065642-768x409.jpg 768w\" sizes=\"auto, (max-width: 1024px) 100vw, 1024px\" \/><\/figure>\n\n\n\n<p>Z racji prowadzonych us\u0142ug monta\u017cu instalacji pod panele PV staramy si\u0119 zdobywa\u0107 wiedz\u0119 na temat problem\u00f3w i ich rozwi\u0105za\u0144. W \u015brod\u0119 by\u0142a okazja na podejrzenie oferty w dziedzinie pozyskiwania energii ze \u017ar\u00f3de\u0142 odnawialnych w szczeg\u00f3lno\u015bci ze s\u0142o\u0144ca. <\/p>\n\n\n\n<figure class=\"wp-block-image\"><img loading=\"lazy\" decoding=\"async\" width=\"1024\" height=\"683\" src=\"http:\/\/www.elektryczneuslugi.com\/Blog\/wp-content\/uploads\/2019\/09\/WTF_0574-1024x683.jpg\" alt=\"\" class=\"wp-image-336\" srcset=\"https:\/\/www.elektryczneuslugi.com\/Blog\/wp-content\/uploads\/2019\/09\/WTF_0574-1024x683.jpg 1024w, https:\/\/www.elektryczneuslugi.com\/Blog\/wp-content\/uploads\/2019\/09\/WTF_0574-300x200.jpg 300w, https:\/\/www.elektryczneuslugi.com\/Blog\/wp-content\/uploads\/2019\/09\/WTF_0574-768x512.jpg 768w, https:\/\/www.elektryczneuslugi.com\/Blog\/wp-content\/uploads\/2019\/09\/WTF_0574.jpg 1980w\" sizes=\"auto, (max-width: 1024px) 100vw, 1024px\" \/><\/figure>\n\n\n\n<p>Jako \u017ce elektryk nosi ze sob\u0105 aparat jest okazja by rzuci\u0107 okiem na kilka stoisk. Warszawskie Centrum Expo XXI jest bardzo blisko dworca Warszawa Wschodnia. Z \u0142odzi jedzie si\u0119 bardzo wygodnie.<\/p>\n\n\n\n<figure class=\"wp-block-image\"><img loading=\"lazy\" decoding=\"async\" width=\"1024\" height=\"683\" src=\"http:\/\/www.elektryczneuslugi.com\/Blog\/wp-content\/uploads\/2019\/09\/WTF_0581-1024x683.jpg\" alt=\"tesla przy carporcie\" class=\"wp-image-337\" srcset=\"https:\/\/www.elektryczneuslugi.com\/Blog\/wp-content\/uploads\/2019\/09\/WTF_0581-1024x683.jpg 1024w, https:\/\/www.elektryczneuslugi.com\/Blog\/wp-content\/uploads\/2019\/09\/WTF_0581-300x200.jpg 300w, https:\/\/www.elektryczneuslugi.com\/Blog\/wp-content\/uploads\/2019\/09\/WTF_0581-768x512.jpg 768w, https:\/\/www.elektryczneuslugi.com\/Blog\/wp-content\/uploads\/2019\/09\/WTF_0581.jpg 1980w\" sizes=\"auto, (max-width: 1024px) 100vw, 1024px\" \/><\/figure>\n\n\n\n<p>Na zdj\u0119ciach przewija si\u0119 Carport zbudowany przez zaprzyja\u017aniona firm\u0119, Solarinnova. <\/p>\n\n\n\n<figure class=\"wp-block-image\"><img loading=\"lazy\" decoding=\"async\" width=\"1024\" height=\"683\" src=\"http:\/\/www.elektryczneuslugi.com\/Blog\/wp-content\/uploads\/2019\/09\/WTF_0524-1024x683.jpg\" alt=\"\" class=\"wp-image-339\" srcset=\"https:\/\/www.elektryczneuslugi.com\/Blog\/wp-content\/uploads\/2019\/09\/WTF_0524-1024x683.jpg 1024w, https:\/\/www.elektryczneuslugi.com\/Blog\/wp-content\/uploads\/2019\/09\/WTF_0524-300x200.jpg 300w, https:\/\/www.elektryczneuslugi.com\/Blog\/wp-content\/uploads\/2019\/09\/WTF_0524-768x512.jpg 768w, https:\/\/www.elektryczneuslugi.com\/Blog\/wp-content\/uploads\/2019\/09\/WTF_0524.jpg 1980w\" sizes=\"auto, (max-width: 1024px) 100vw, 1024px\" \/><\/figure>\n\n\n\n<p>Ciekawe rozwi\u0105zanie dla dociekliwych \u017ceby mieli podgl\u0105d na to w jakiej ilo\u015bci i czasie zu\u017cywany jest pr\u0105d w ich gospodarstwie, urz\u0105dzenie zapisuje dane do  odczytu z aplikacji producenta.<\/p>\n\n\n\n<figure class=\"wp-block-image\"><img loading=\"lazy\" decoding=\"async\" width=\"1024\" height=\"683\" src=\"http:\/\/www.elektryczneuslugi.com\/Blog\/wp-content\/uploads\/2019\/09\/WTF_0527-1024x683.jpg\" alt=\"\" class=\"wp-image-340\" srcset=\"https:\/\/www.elektryczneuslugi.com\/Blog\/wp-content\/uploads\/2019\/09\/WTF_0527-1024x683.jpg 1024w, https:\/\/www.elektryczneuslugi.com\/Blog\/wp-content\/uploads\/2019\/09\/WTF_0527-300x200.jpg 300w, https:\/\/www.elektryczneuslugi.com\/Blog\/wp-content\/uploads\/2019\/09\/WTF_0527-768x512.jpg 768w, https:\/\/www.elektryczneuslugi.com\/Blog\/wp-content\/uploads\/2019\/09\/WTF_0527.jpg 1980w\" sizes=\"auto, (max-width: 1024px) 100vw, 1024px\" \/><\/figure>\n\n\n\n<p>Je\u015bli kto\u015b nie wyr\u00f3s\u0142 jeszcze z lat dziecinnych albo buduje dom dla dziecka mo\u017ce ob\u0142o\u017cy\u0107 go panelami wygl\u0105daj\u0105cymi jak brokat, ja elektryk nie by\u0142em raczej sceptyczny do takiej estetyki.<\/p>\n\n\n\n<figure class=\"wp-block-image\"><img loading=\"lazy\" decoding=\"async\" width=\"1024\" height=\"695\" src=\"http:\/\/www.elektryczneuslugi.com\/Blog\/wp-content\/uploads\/2019\/09\/WTF_0543-1024x695.jpg\" alt=\"\" class=\"wp-image-341\" srcset=\"https:\/\/www.elektryczneuslugi.com\/Blog\/wp-content\/uploads\/2019\/09\/WTF_0543-1024x695.jpg 1024w, https:\/\/www.elektryczneuslugi.com\/Blog\/wp-content\/uploads\/2019\/09\/WTF_0543-300x203.jpg 300w, https:\/\/www.elektryczneuslugi.com\/Blog\/wp-content\/uploads\/2019\/09\/WTF_0543-768x521.jpg 768w, https:\/\/www.elektryczneuslugi.com\/Blog\/wp-content\/uploads\/2019\/09\/WTF_0543.jpg 1980w\" sizes=\"auto, (max-width: 1024px) 100vw, 1024px\" \/><figcaption>reluperacja prana<\/figcaption><\/figure>\n\n\n\n<p> Firma Prana prezentowa\u0142a swoje rekuperatory, zmy\u015blne i niewielkie urz\u0105dzenia. <\/p>\n","protected":false},"excerpt":{"rendered":"<p>Solarne nowo\u015bci<\/p>\n","protected":false},"author":1,"featured_media":337,"comment_status":"open","ping_status":"open","sticky":false,"template":"","format":"standard","meta":{"om_disable_all_campaigns":false,"_exactmetrics_skip_tracking":false,"_exactmetrics_sitenote_active":false,"_exactmetrics_sitenote_note":"","_exactmetrics_sitenote_category":0,"_monsterinsights_skip_tracking":false,"_monsterinsights_sitenote_active":false,"_monsterinsights_sitenote_note":"","_monsterinsights_sitenote_category":0,"_uf_show_specific_survey":0,"_uf_disable_surveys":false,"footnotes":""},"categories":[8,46,7,45],"tags":[52,35,50,51,48,54,47,49,53,55],"class_list":["post-334","post","type-post","status-publish","format-standard","has-post-thumbnail","hentry","category-fotowoltaika","category-nauka","category-nowosci","category-wyjazdy","tag-carport","tag-elektryk","tag-energia-odnawialna","tag-inwerter","tag-ogniwa-pv","tag-re-energy","tag-solar","tag-solary","tag-tesla","tag-warszawa"],"aioseo_notices":[],"jetpack_featured_media_url":"https:\/\/www.elektryczneuslugi.com\/Blog\/wp-content\/uploads\/2019\/09\/WTF_0581.jpg","_links":{"self":[{"href":"https:\/\/www.elektryczneuslugi.com\/Blog\/index.php?rest_route=\/wp\/v2\/posts\/334","targetHints":{"allow":["GET"]}}],"collection":[{"href":"https:\/\/www.elektryczneuslugi.com\/Blog\/index.php?rest_route=\/wp\/v2\/posts"}],"about":[{"href":"https:\/\/www.elektryczneuslugi.com\/Blog\/index.php?rest_route=\/wp\/v2\/types\/post"}],"author":[{"embeddable":true,"href":"https:\/\/www.elektryczneuslugi.com\/Blog\/index.php?rest_route=\/wp\/v2\/users\/1"}],"replies":[{"embeddable":true,"href":"https:\/\/www.elektryczneuslugi.com\/Blog\/index.php?rest_route=%2Fwp%2Fv2%2Fcomments&post=334"}],"version-history":[{"count":3,"href":"https:\/\/www.elektryczneuslugi.com\/Blog\/index.php?rest_route=\/wp\/v2\/posts\/334\/revisions"}],"predecessor-version":[{"id":343,"href":"https:\/\/www.elektryczneuslugi.com\/Blog\/index.php?rest_route=\/wp\/v2\/posts\/334\/revisions\/343"}],"wp:featuredmedia":[{"embeddable":true,"href":"https:\/\/www.elektryczneuslugi.com\/Blog\/index.php?rest_route=\/wp\/v2\/media\/337"}],"wp:attachment":[{"href":"https:\/\/www.elektryczneuslugi.com\/Blog\/index.php?rest_route=%2Fwp%2Fv2%2Fmedia&parent=334"}],"wp:term":[{"taxonomy":"category","embeddable":true,"href":"https:\/\/www.elektryczneuslugi.com\/Blog\/index.php?rest_route=%2Fwp%2Fv2%2Fcategories&post=334"},{"taxonomy":"post_tag","embeddable":true,"href":"https:\/\/www.elektryczneuslugi.com\/Blog\/index.php?rest_route=%2Fwp%2Fv2%2Ftags&post=334"}],"curies":[{"name":"wp","href":"https:\/\/api.w.org\/{rel}","templated":true}]}}